[{"@context":"https:\/\/schema.org\/","@type":"Article","@id":"https:\/\/www.jolek.cz\/prsi-prsi-jen-se-leje\/#Article","mainEntityOfPage":"https:\/\/www.jolek.cz\/prsi-prsi-jen-se-leje\/","headline":"Pr\u0161\u00ed, pr\u0161\u00ed, jen se leje","name":"Pr\u0161\u00ed, pr\u0161\u00ed, jen se leje","description":"N\u011bkdo si uva\u0159\u00ed si hork\u00fd \u010daj, nebo k\u00e1vu a zaleze si pod deku s kn\u00ed\u017ekou, jin\u00fd p\u0159emluv\u00ed ostatn\u00ed \u010dleny dom\u00e1cnosti <a href=\"https:\/\/www.jolek.cz\/prsi-prsi-jen-se-leje\/\" class=\"read-more\">\u010c\u00edst v\u00edce<\/a>","datePublished":"2019-04-11","dateModified":"2023-04-27","author":{"@type":"Person","@id":"https:\/\/www.jolek.cz\/author\/#Person","name":"jolek.cz\n","url":"https:\/\/www.jolek.cz\/author\/","identifier":1,"image":{"@type":"ImageObject","@id":"https:\/\/secure.gravatar.com\/avatar\/91b1fc57487c55a66a7777af0dd690bf69c571b4a9b15cda0db8854a78b7888c?s=96&d=mm&r=g","url":"https:\/\/secure.gravatar.com\/avatar\/91b1fc57487c55a66a7777af0dd690bf69c571b4a9b15cda0db8854a78b7888c?s=96&d=mm&r=g","height":96,"width":96}},"publisher":{"@type":"Organization","name":"jolek.cz","logo":{"@type":"ImageObject","@id":"\/logo.png","url":"\/logo.png","width":600,"height":60}},"image":{"@type":"ImageObject","@id":"https:\/\/www.jolek.cz\/wp-content\/uploads\/img_a343402_w1701_t1556452548.jpg","url":"https:\/\/www.jolek.cz\/wp-content\/uploads\/img_a343402_w1701_t1556452548.jpg","height":0,"width":0},"url":"https:\/\/www.jolek.cz\/prsi-prsi-jen-se-leje\/","about":["N\u00e1kupy"],"wordCount":655,"articleBody":"N\u011bkdo si uva\u0159\u00ed si hork\u00fd \u010daj, nebo k\u00e1vu a zaleze si pod deku s kn\u00ed\u017ekou, jin\u00fd p\u0159emluv\u00ed ostatn\u00ed \u010dleny dom\u00e1cnosti na hran\u00ed deskov\u00fdch her, dal\u0161\u00ed, i kdy\u017e nikam nemus\u00ed, se jde s de\u0161tn\u00edkem nad hlavou proj\u00edt, proto\u017ee m\u00e1 r\u00e1d vylidn\u011bn\u00e9 chodn\u00edky a sv\u011b\u017e\u00ed vzduch von\u00edc\u00ed vodou a mokrou hl\u00ednou. Ostatn\u00ed, co musej\u00ed b\u00fdt zrovna venku, nad\u00e1vaj\u00ed, \u017ee pr\u0161\u00ed, pr\u0161\u00ed,jen se leje a vytahuj\u00ed skl\u00e1dac\u00ed de\u0161tn\u00edky ze sv\u00fdch ta\u0161ek. Maj\u00ed mizernou n\u00e1ladu, proto\u017ee i barvu de\u0161tn\u00edku p\u0159i n\u00e1kupu p\u0159izp\u016fsobili po\u010das\u00ed. Tmav\u00fd de\u0161tn\u00edk nad hlavou nikoho z n\u00e1s nerozvesel\u00ed. Ur\u010dit\u011b si te\u010f \u0159\u00edk\u00e1te, \u017ee nejste padl\u00ed na hlavu, abyste nosili nad hlavou j\u00e1sav\u00e9 barvy, proto\u017ee na to u\u017e nem\u00e1te v\u011bk, nebo se c\u00edt\u00edte p\u0159\u00edli\u0161 seri\u00f3zn\u00ed, ale zamra\u010den\u00e9 obli\u010deje nikdo nem\u00e1 chu\u0165 potk\u00e1vat. Kdysi jsem tomu tak\u00e9 nev\u011b\u0159ila, ale je fakt, \u017ee kdy\u017e jsem si koupila velk\u00fd de\u0161tn\u00edk v barv\u00e1ch pl\u00e1\u017eov\u00e9ho m\u00ed\u010de, nedok\u00e1zala jsem se mra\u010dit, kdy\u017e jsem ho m\u011bla nad hlavou. Ano, vyslechla jsem p\u00e1r pozn\u00e1mek, \u017ee jsem jak klaun, ale \u201enakazila\u201c jsem p\u00e1r sv\u00fdch kamar\u00e1dek a ty byly nad\u0161en\u00e9, kdy\u017e pak vy\u0161ly do de\u0161t\u011b s de\u0161tn\u00edkem v j\u00e1sav\u00fdch barv\u00e1ch. Ale jsou i lid\u00e9, kte\u0159\u00ed maj\u00ed d\u00e9\u0161\u0165 natolik r\u00e1di, \u017ee se v n\u011bm jdou proch\u00e1zet bez jak\u00e9koli ochrany. A kdy\u017e je k tomu je\u0161t\u011b teplo, i boty si sundaj\u00ed a proch\u00e1zej\u00ed se tak. \u0158\u00edkaj\u00ed, \u017ee je to pozitivn\u011b nab\u00edj\u00ed. \u0158\u00edk\u00e1 se, \u017ee m\u00e1jov\u00fd de\u0161t\u00ed\u010dek je pro kr\u00e1su. No, za\u017eila jsem to jen u men\u0161\u00edch sle\u010den, kter\u00e9 tomu je\u0161t\u011b v\u011b\u0159ily, a tak nastavovaly tv\u00e1\u0159. M\u00e1te rad\u011bji de\u0161tn\u00edky mal\u00e9, skl\u00e1dac\u00ed do ta\u0161ky, nebo ty velk\u00e9, neforemn\u00e9, p\u0159i jejich\u017e no\u0161en\u00ed mus\u00edte d\u00e1vat pozor, abyste n\u011bkoho nenap\u00edchli, jak na ro\u017ee\u0148? P\u0159izn\u00e1v\u00e1m, \u017ee j\u00e1 miluju ty obrovsk\u00e9. A je\u0161t\u011b barevn\u00e9. Kdysi jsem m\u011bla de\u0161tn\u00edky dva. Od ka\u017ed\u00e9ho jeden. Skl\u00e1dac\u00ed mi zav\u00edral hlavu, tak\u017ee jsem ho hodila na chodn\u00edk a vzteky do n\u011bj kopla. Barvu m\u011bl smutnou a je\u0161t\u011b mi prov\u00e1d\u011bl tohle! Tak jsem na n\u011bj zanev\u0159ela a za\u010dala chodit jen s t\u00edm velk\u00fdm. Sice je nepraktick\u00fd, proto\u017ee kdy\u017e je zat\u00edm jen zamra\u010deno, tak u\u017e m\u00e1m k pou\u017eit\u00ed jen jednu ruku, ale jak p\u0159ijde d\u00e9\u0161\u0165, a jsem chr\u00e1n\u011bn\u00e1 v\u00edc ne\u017e t\u00edm mal\u00fdm. Chod\u00edte n\u011bkdy v pl\u00e1\u0161t\u011bnce? Nejsou jen ty pr\u016fhledn\u00e9, m\u016f\u017eete si po\u0159\u00eddit n\u011bjakou barevnou. Ale tu si v\u011bt\u0161ina z n\u00e1s um\u00ed p\u0159edstavit jen p\u0159i n\u011bjak\u00e9 t\u00fa\u0159e, nebo p\u0159i j\u00edzd\u011b na kole. Do m\u011bsta, a\u010d je praktick\u00e1, si ji vezme m\u00e1lokdo. D\u011bti do nich obl\u00e9k\u00e1me, ale u\u017e mal\u00e9 sle\u010dny, jak jim padnou \u010dty\u0159i roky, se za\u010dnou sh\u00e1n\u011bt po vlastn\u00edm de\u0161tn\u00edku. Samoz\u0159ejm\u011b, \u017ee chlapci ji nos\u00ed, ale od ur\u010dit\u00e9ho v\u011bku rad\u011bji zmoknou, ne\u017e aby v n\u00ed vy\u0161li ven. A\u017e jako star\u0161\u00ed ocen\u00ed p\u00e1nsk\u00fd de\u0161tn\u00edk, kter\u00fd by v j\u00e1sav\u00fdch barv\u00e1ch vypadal divn\u011b. Mu\u017e\u016fm prominu tmav\u00e9 barvy. A\u0165 je to jak chce, kdy\u017e pr\u0161\u00ed, ka\u017ed\u00fd m\u00e1 n\u011bjak\u00fd ritu\u00e1l, i kdy\u017e si to neuv\u011bdomuje. Ale v\u011bzte, \u017ee je \u0161koda, jestli si nech\u00e1te pokazit n\u00e1ladu po\u010das\u00edm, kter\u00e9 zase p\u0159ejde.                                                                                                                                                                                                                                                                                                                                                                                        5\/5 - (4 votes)        "},{"@context":"https:\/\/schema.org\/","@type":"BreadcrumbList","itemListElement":[{"@type":"ListItem","position":1,"name":"Pr\u0161\u00ed, pr\u0161\u00ed, jen se leje","item":"https:\/\/www.jolek.cz\/prsi-prsi-jen-se-leje\/#breadcrumbitem"}]}]