[{"@context":"https:\/\/schema.org\/","@type":"Article","@id":"https:\/\/www.jolek.cz\/skladuje-se-nejen-v-budovach\/#Article","mainEntityOfPage":"https:\/\/www.jolek.cz\/skladuje-se-nejen-v-budovach\/","headline":"Skladuje se nejen v budov\u00e1ch","name":"Skladuje se nejen v budov\u00e1ch","description":"Je jenom minimum materi\u00e1l\u016f \u010di v\u00fdrobk\u016f, kter\u00e9 lze bez probl\u00e9m\u016f skladovat n\u011bkde pod \u0161ir\u00fdm nebem, ani\u017e by se to znehodnotilo <a href=\"https:\/\/www.jolek.cz\/skladuje-se-nejen-v-budovach\/\" class=\"read-more\">\u010c\u00edst v\u00edce<\/a>","datePublished":"2023-12-19","dateModified":"2024-01-25","author":{"@type":"Person","@id":"https:\/\/www.jolek.cz\/author\/#Person","name":"jolek.cz\n","url":"https:\/\/www.jolek.cz\/author\/","identifier":1,"image":{"@type":"ImageObject","@id":"https:\/\/secure.gravatar.com\/avatar\/91b1fc57487c55a66a7777af0dd690bf69c571b4a9b15cda0db8854a78b7888c?s=96&d=mm&r=g","url":"https:\/\/secure.gravatar.com\/avatar\/91b1fc57487c55a66a7777af0dd690bf69c571b4a9b15cda0db8854a78b7888c?s=96&d=mm&r=g","height":96,"width":96}},"publisher":{"@type":"Organization","name":"jolek.cz","logo":{"@type":"ImageObject","@id":"\/logo.png","url":"\/logo.png","width":600,"height":60}},"image":{"@type":"ImageObject","@id":"https:\/\/www.jolek.cz\/wp-content\/uploads\/k_8.jpg","url":"https:\/\/www.jolek.cz\/wp-content\/uploads\/k_8.jpg","height":0,"width":0},"url":"https:\/\/www.jolek.cz\/skladuje-se-nejen-v-budovach\/","about":["Web"],"wordCount":415,"articleBody":"   Je jenom minimum materi\u00e1l\u016f \u010di v\u00fdrobk\u016f, kter\u00e9 lze bez probl\u00e9m\u016f skladovat n\u011bkde pod \u0161ir\u00fdm nebem, ani\u017e by se to znehodnotilo nebo to dejme tomu n\u011bkdo rozkradl. V\u011bt\u0161ina v\u011bc\u00ed se mus\u00ed ulo\u017eit n\u011bkam, kde je to chr\u00e1n\u011bn\u00e9 p\u0159ed v\u0161\u00edm, co by tomu mohlo potenci\u00e1ln\u011b u\u0161kodit.Co\u017e o to, m\u00e1lo v\u011bc\u00ed se n\u011bkam ulo\u017eit d\u00e1. Ale pokud jde o z\u00e1soby v\u00fdrobc\u016f, obchodn\u00edk\u016f, p\u0159epravc\u016f a podobn\u011b, to u\u017e je n\u011bco jin\u00e9ho. Z\u00e1soby, kter\u00e9 m\u00e1 dejme tomu n\u011bjak\u00e1 tov\u00e1rna, se jej\u00edmu majiteli t\u0159eba do sklepa nebo na p\u016fdu nevejdou, obchod je na tom podobn\u011b a kdekdo dal\u0161\u00ed jakbysmet.Pokud se toho m\u00e1 n\u011bkde uskladnit hodn\u011b, je prost\u011b pot\u0159eba m\u00edt skladovac\u00ed prostory. Tak\u017ee si majitel\u00e9 takov\u00fdch podnik\u016f \u010dasto n\u011bjak\u00fd ten sklad v bl\u00edzkosti sv\u00e9 provozovny koup\u00ed nebo i sami postav\u00ed. A maj\u00ed probl\u00e9m, kam s t\u00edm, vy\u0159e\u0161en\u00fd.Jen\u017ee ne v\u0161ichni se\u017eenou skladovac\u00ed prostory tam, kde je pot\u0159ebuj\u00ed m\u00edt. N\u011bkdy jich prost\u011b nen\u00ed v dan\u00e9 lokalit\u011b dost. A jsou samoz\u0159ejm\u011b i p\u0159\u00edpady, kdy by se sice sklad sehnal, ale vy\u0161el by moc draho, p\u0159\u00edpadn\u011b \u017e\u00e1dn\u00fd z nab\u00edzej\u00edc\u00edch se objekt\u016f pln\u011b nevyhovuje pot\u0159eb\u00e1m, je\u017e ti skladuj\u00edc\u00ed maj\u00ed. A co potom s t\u00edm?Pokud je pot\u0159eba n\u011bco uskladnit v na\u0161em hlavn\u00edm m\u011bst\u011b, d\u00e1 se to vy\u0159e\u0161it i bez nutnosti m\u00edt zd\u011bn\u00fd sklad, takov\u00fd, jak\u00fd si obvykle pod pojmem sklad p\u0159edstavujeme. Tam je toti\u017e mo\u017enost skladov\u00e1n\u00ed i v kontejnerech, kter\u00e9 si lze pro tento \u00fa\u010del pronajmout. Co\u017e je pochopiteln\u011b v\u00fdhodn\u00e9 hned z n\u011bkolika d\u016fvod\u016f. Ka\u017ed\u00e9mu pochopiteln\u011b hned dojde, \u017ee za pouh\u00fd pron\u00e1jem kontejner\u016f cena nem\u016f\u017ee b\u00fdt nikterak z\u00e1vratn\u00e1, a kdy\u017e se pak nad t\u00edm zam\u00fd\u0161l\u00edme d\u00e1le, napadne n\u00e1s t\u0159eba i ta v\u00fdhoda, \u017ee si lze pronajmout tolik kontejner\u016f, kolik je zrovna pot\u0159eba, na rozd\u00edl od skladov\u00fdch hal, kter\u00e9 se nedaj\u00ed podle pot\u0159eby zv\u011bt\u0161it a zmen\u0161it. A kdy\u017e jsou pak takov\u00e9 kontejnery nav\u00edc v uzav\u0159en\u00e9m a hl\u00eddan\u00e9m are\u00e1lu, je jasn\u00e9, \u017ee je to pro kdekoho ide\u00e1ln\u00ed forma skladov\u00e1n\u00ed \u010dehokoliv.                                                                                                                                                                                                                                                                                                                                                                                          5\/5 - (1 vote)        "},{"@context":"https:\/\/schema.org\/","@type":"BreadcrumbList","itemListElement":[{"@type":"ListItem","position":1,"name":"Skladuje se nejen v budov\u00e1ch","item":"https:\/\/www.jolek.cz\/skladuje-se-nejen-v-budovach\/#breadcrumbitem"}]}]