[{"@context":"https:\/\/schema.org\/","@type":"Article","@id":"https:\/\/www.jolek.cz\/spojeni-lesku-a-krasy\/#Article","mainEntityOfPage":"https:\/\/www.jolek.cz\/spojeni-lesku-a-krasy\/","headline":"Spojen\u00ed lesku a kr\u00e1sy","name":"Spojen\u00ed lesku a kr\u00e1sy","description":"St\u0159\u00edbro uchv\u00e1tilo lidi hlavn\u011b sv\u00fdm z\u00e1\u0159iv\u011b b\u00edl\u00fdm leskem. V ryz\u00ed form\u011b se vyskytuje v p\u0159\u00edrod\u011b jen v\u00fdjime\u010dn\u011b. V\u011bt\u0161ina st\u0159\u00edbrn\u00e9ho kov\u016f <a href=\"https:\/\/www.jolek.cz\/spojeni-lesku-a-krasy\/\" class=\"read-more\">\u010c\u00edst v\u00edce<\/a>","datePublished":"2019-11-10","dateModified":"2023-04-27","author":{"@type":"Person","@id":"https:\/\/www.jolek.cz\/author\/#Person","name":"jolek.cz\n","url":"https:\/\/www.jolek.cz\/author\/","identifier":1,"image":{"@type":"ImageObject","@id":"https:\/\/secure.gravatar.com\/avatar\/91b1fc57487c55a66a7777af0dd690bf69c571b4a9b15cda0db8854a78b7888c?s=96&d=mm&r=g","url":"https:\/\/secure.gravatar.com\/avatar\/91b1fc57487c55a66a7777af0dd690bf69c571b4a9b15cda0db8854a78b7888c?s=96&d=mm&r=g","height":96,"width":96}},"publisher":{"@type":"Organization","name":"jolek.cz","logo":{"@type":"ImageObject","@id":"\/logo.png","url":"\/logo.png","width":600,"height":60}},"image":{"@type":"ImageObject","@id":"https:\/\/www.jolek.cz\/wp-content\/uploads\/img_a365141_w1701_t1578172457.jpg","url":"https:\/\/www.jolek.cz\/wp-content\/uploads\/img_a365141_w1701_t1578172457.jpg","height":0,"width":0},"url":"https:\/\/www.jolek.cz\/spojeni-lesku-a-krasy\/","about":["M\u00f3da"],"wordCount":417,"articleBody":"      St\u0159\u00edbro uchv\u00e1tilo lidi hlavn\u011b sv\u00fdm z\u00e1\u0159iv\u011b b\u00edl\u00fdm leskem. V ryz\u00ed form\u011b se vyskytuje v p\u0159\u00edrod\u011b jen v\u00fdjime\u010dn\u011b. V\u011bt\u0161ina st\u0159\u00edbrn\u00e9ho kov\u016f vznik\u00e1 zpracov\u00e1n\u00edm rudy. Ta se t\u011b\u017e\u00ed v dolech. Jeden z nejstar\u0161\u00edch a nejv\u011bt\u0161\u00edch dol\u016f starov\u011bku se nach\u00e1zel v Hisp\u00e1nii (\u0160pan\u011blsko). M\u011bli tam tenkr\u00e1t tolik st\u0159\u00edbra, \u017ee z n\u011bj d\u011blali i n\u00e1mo\u0159n\u00ed kotvy. V \u010cech\u00e1ch jsou prvn\u00ed stopy st\u0159\u00edbra zaznamen\u00e1ny v 7. stolet\u00ed, k v\u00fdrazn\u00e9mu rozvoji do\u0161lo a\u017e ve 13. stolet\u00ed hlavn\u011b v Kutn\u00e9 Ho\u0159e. St\u0159\u00edbro je na vzduchu st\u00e1l\u00e9, ale reaguje nap\u0159\u00edklad na v\u00fdrazn\u011b zne\u010di\u0161t\u011bn\u00e9 ovzdu\u0161\u00ed a oxiduje (\u010dern\u00e1). Ryz\u00ed st\u0159\u00edbro nen\u00ed pro \u0161perka\u0159stv\u00ed vhodn\u00e9, proto se u\u017e\u00edv\u00e1 slitina s p\u0159\u00eddavkem m\u011bdi nebo zinku. Povrch st\u0159\u00edbra se v\u011bt\u0161inou upravuje pro vy\u0161\u0161\u00ed lesk a ochranu p\u0159ed oxidac\u00ed tenkou vrstvou rhodia nebo paladia. Dal\u0161\u00ed \u00fapravou je patinov\u00e1n\u00ed. St\u0159\u00edbro m\u00e1 antibakteri\u00e1ln\u00ed \u00fa\u010dinky, pro sv\u016fj zvuk se p\u0159id\u00e1v\u00e1  https:\/\/www.root.cz\/clanky\/bsd-vyhledove-s-hidpi-a-waylandem-trueos-pridava-vylepseni-kolem-openrc\/ do slitiny p\u0159i v\u00fdrob\u011b zvon\u016f, je pot\u0159ebn\u00e9 k v\u00fdrob\u011b zrcadel, bylo nepostradateln\u00e9 pro tvorbu fotografi\u00ed atd. Zaj\u00edmav\u00e9 je, \u017ee je to tak kujn\u00fd kov, \u017ee z 1 kg kovu lze vykout a\u017e 2 km dr\u00e1tku. St\u0159\u00edbro se velice \u010dasto ve \u0161perka\u0159stv\u00ed kombinuje s perlami, kter\u00e9 jsou mo\u0159sk\u00e9 a sladkovodn\u00ed. Perly se vyskytuj\u00ed v n\u011bkolika barevn\u00fdch variac\u00edch, co\u017e je\u0161t\u011b zvy\u0161uje jejich atraktivitu. Ty nejcenn\u011bj\u0161\u00ed maj\u00ed p\u016fvod v Ji\u017en\u00edch mo\u0159\u00edch. Jejich kvalita se posuzuje hlavn\u011b podle obsahu perleti, a i mal\u00e1 perla m\u016f\u017ee b\u00fdt pro sv\u016fj tvar a lesk velice zaj\u00edmav\u00e1. Tmav\u00e9 perly jsou nej\u010dast\u011bji z Tahiti. Ka\u017ed\u00e1 perla na sv\u011bt\u011b je naprosto jedine\u010dn\u00e1. St\u0159\u00edbrn\u00e9 \u0161perky jsou velice obl\u00edben\u00e9 u mlad\u00fdch lid\u00ed, a to i pro cenovou dostupnost. St\u0159\u00edbrn\u00e9 n\u00e1u\u0161nice s perlou ud\u011blaj\u00ed radost ka\u017ed\u00e9 \u017een\u011b a jsou vhodn\u00e9 pro ka\u017edodenn\u00ed no\u0161en\u00ed. Krom\u011b klasick\u00fdch tvar\u016f si m\u016f\u017eete vybrat i velice zaj\u00edmav\u00e9 a netradi\u010dn\u011b tvarovan\u00e9 kusy, kter\u00e9 daj\u00ed vyniknout p\u0159irozen\u00e9 kr\u00e1se \u017een. Pokud maj\u00ed \u0161perky dlouho vydr\u017eet kr\u00e1sn\u00e9, je pot\u0159eba je chr\u00e1nit p\u0159ed kosmetikou, lakem na vlasy, parf\u00e9mem a \u010dist\u00edc\u00edmi prost\u0159edky.                                                                                                                                                                                                                                                                                                                                                                                         4.3\/5 - (6 votes)        "},{"@context":"https:\/\/schema.org\/","@type":"BreadcrumbList","itemListElement":[{"@type":"ListItem","position":1,"name":"Spojen\u00ed lesku a kr\u00e1sy","item":"https:\/\/www.jolek.cz\/spojeni-lesku-a-krasy\/#breadcrumbitem"}]}]