[{"@context":"https:\/\/schema.org\/","@type":"Article","@id":"https:\/\/www.jolek.cz\/ubytovani-v-adrspachu-v-soukromem-penzionu-lze-zajistit-i-v-zime\/#Article","mainEntityOfPage":"https:\/\/www.jolek.cz\/ubytovani-v-adrspachu-v-soukromem-penzionu-lze-zajistit-i-v-zime\/","headline":"Ubytov\u00e1n\u00ed v Adr\u0161pachu v soukrom\u00e9m penzionu lze zajistit i v zim\u011b","name":"Ubytov\u00e1n\u00ed v Adr\u0161pachu v soukrom\u00e9m penzionu lze zajistit i v zim\u011b","description":"Adr\u0161pa\u0161sko-teplick\u00e9 sk\u00e1ly jsou http:\/\/svatky.centrum.cz\/svatky\/vyznamne-dny\/den-stromu-184\/ turist\u016fm k dispozici po cel\u00fd rok. Pouze p\u0159i nep\u0159\u00edzniv\u00e9m po\u010das\u00ed a sn\u011bhov\u00e9 nad\u00edlce, p\u0159\u00edpadn\u011b kv\u016fli n\u00e1mraze, <a href=\"https:\/\/www.jolek.cz\/ubytovani-v-adrspachu-v-soukromem-penzionu-lze-zajistit-i-v-zime\/\" class=\"read-more\">\u010c\u00edst v\u00edce<\/a>","datePublished":"2019-08-17","dateModified":"2023-04-27","author":{"@type":"Person","@id":"https:\/\/www.jolek.cz\/author\/#Person","name":"jolek.cz\n","url":"https:\/\/www.jolek.cz\/author\/","identifier":1,"image":{"@type":"ImageObject","@id":"https:\/\/secure.gravatar.com\/avatar\/91b1fc57487c55a66a7777af0dd690bf69c571b4a9b15cda0db8854a78b7888c?s=96&d=mm&r=g","url":"https:\/\/secure.gravatar.com\/avatar\/91b1fc57487c55a66a7777af0dd690bf69c571b4a9b15cda0db8854a78b7888c?s=96&d=mm&r=g","height":96,"width":96}},"publisher":{"@type":"Organization","name":"jolek.cz","logo":{"@type":"ImageObject","@id":"\/logo.png","url":"\/logo.png","width":600,"height":60}},"image":{"@type":"ImageObject","@id":"https:\/\/www.jolek.cz\/wp-content\/uploads\/img_a357361_w1701_t1571912557.jpg","url":"https:\/\/www.jolek.cz\/wp-content\/uploads\/img_a357361_w1701_t1571912557.jpg","height":0,"width":0},"url":"https:\/\/www.jolek.cz\/ubytovani-v-adrspachu-v-soukromem-penzionu-lze-zajistit-i-v-zime\/","about":["Slu\u017eby"],"wordCount":445,"articleBody":"Adr\u0161pa\u0161sko-teplick\u00e9 sk\u00e1ly jsou  http:\/\/svatky.centrum.cz\/svatky\/vyznamne-dny\/den-stromu-184\/ turist\u016fm k dispozici po cel\u00fd rok. Pouze p\u0159i nep\u0159\u00edzniv\u00e9m po\u010das\u00ed a sn\u011bhov\u00e9 nad\u00edlce, p\u0159\u00edpadn\u011b kv\u016fli n\u00e1mraze, mohou b\u00fdt n\u011bkter\u00e9 \u00faseky uzav\u0159en\u00e9, ale to neznamen\u00e1, \u017ee pobyt zde bude nudn\u00fd a nez\u00e1\u017eivn\u00fd. Na podzim se listy ko\u0161at\u00fdch strom\u016f barv\u00ed do pestrobarevn\u00fdch odst\u00edn\u016f a v zim\u011b opadaj\u00ed, co\u017e p\u0159in\u00e1\u0161\u00ed v\u00edce otev\u0159en\u00fd pohled na samotn\u00e1 skaliska. Pokud se v\u00e1m poda\u0159\u00ed vhodn\u011b napl\u00e1novat dovolenou v zim\u011b za slune\u010dn\u00e9ho po\u010das\u00ed, b\u00fdv\u00e1 n\u00e1v\u0161t\u011bva skaln\u00edho m\u011bsta nezapomenuteln\u00fdm z\u00e1\u017eitkem. V zimn\u00edm obdob\u00ed se ov\u0161em vyplat\u00ed v\u010das se informovat v infocentru o stavu ve\u0159ejn\u011b p\u0159\u00edstupn\u00fdch cest a o p\u0159\u00edpadn\u00e9m uzav\u0159en\u00ed are\u00e1lu. Ur\u010ditou v\u00fdhodou je tak\u00e9 ni\u017e\u0161\u00ed vstupn\u00e9, kter\u00e9 po ukon\u010den\u00ed letn\u00ed sezony kles\u00e1 velice v\u00fdrazn\u011b. Panorama skalisek tak\u00e9 vynikne, jestli\u017ee krajinu pokryje sn\u011bhov\u00fd p\u0159\u00edkrov, p\u0159\u00edrodn\u00ed sn\u00edh zkr\u00e1tka dotv\u00e1\u0159\u00ed atmosf\u00e9ru, jakou si m\u016f\u017eete p\u0159ipomenout v n\u011bkter\u00fdch poh\u00e1dkov\u00fdch sc\u00e9n\u00e1ch.  Podzimn\u00ed a zimn\u00ed pobyty v Adr\u0161pachu m\u016f\u017eete spojit s ly\u017eov\u00e1n\u00edm Sn\u00edh je tak\u00e9 d\u016fvodem, pro\u010d spojit pobyt s ubytov\u00e1n\u00edm Adr\u0161pach chaty s ly\u017eov\u00e1n\u00edm. V okol\u00ed se nach\u00e1z\u00ed n\u011bkolik b\u011b\u017eka\u0159sk\u00fdch tras a nejbli\u017e\u0161\u00ed sjezdov\u00e9 trat\u011b jsou odtud vzd\u00e1leny jen p\u00e1r des\u00edtek kilometr\u016f, jsou to nap\u0159. vyhl\u00e1\u0161en\u00e9 skiare\u00e1ly v Pet\u0159\u00edkovic\u00edch a v Radvanic\u00edch, a pokud zam\u00ed\u0159\u00edte d\u00e1l, m\u016f\u017eete si dob\u0159e zaly\u017eovat v \u017dacl\u00e9\u0159i, v Mlad\u00fdch Buk\u00e1ch, nebo ve Svobod\u011b nad \u00dapou \u010di v Jansk\u00fdch L\u00e1zn\u00edch. Adr\u0161pa\u0161sko-teplick\u00e9 sk\u00e1ly jsou p\u016fsobiv\u00e9 v jak\u00e9mkoli ro\u010dn\u00edm obdob\u00ed, mimo hlavn\u00ed turistickou sez\u00f3nu je zde v\u0161ak klid, kter\u00fd v dne\u0161n\u00edm usp\u011bchan\u00e9m sv\u011bt\u011b vyhled\u00e1v\u00e1 \u010d\u00edm d\u00e1l v\u00edce lid\u00ed, zvl\u00e1\u0161t\u011b z velk\u00fdch m\u011bst. Nab\u00edjet se pozitivn\u00ed energi\u00ed je v\u017edy nejefektivn\u011bj\u0161\u00ed v p\u0159\u00edrod\u011b, a\u0165 u\u017e do n\u00ed zam\u00ed\u0159\u00edte v rodinn\u00e9m kruhu, s p\u0159\u00e1teli, nebo t\u0159eba jako samot\u00e1\u0159i. K dokonal\u00e9 relaxaci tak\u00e9 napom\u00e1h\u00e1 zdej\u0161\u00ed oblast Broumovsk\u00e9ho v\u00fdb\u011b\u017eku, kter\u00e1 nen\u00ed p\u0159\u00edli\u0161 hust\u011b os\u00eddlena, nen\u00ed zasa\u017eena pr\u016fmyslovou v\u00fdrobou, exhalacemi, odpady a zni\u010denou p\u0159\u00edrodou v d\u016fsledku p\u016fsoben\u00ed oxid\u016f s\u00edry z tepeln\u00fdch elektr\u00e1ren.                                                                                                                                                                                                                                                                                                                                                                                          2.7\/5 - (3 votes)        "},{"@context":"https:\/\/schema.org\/","@type":"BreadcrumbList","itemListElement":[{"@type":"ListItem","position":1,"name":"Ubytov\u00e1n\u00ed v Adr\u0161pachu v soukrom\u00e9m penzionu lze zajistit i v zim\u011b","item":"https:\/\/www.jolek.cz\/ubytovani-v-adrspachu-v-soukromem-penzionu-lze-zajistit-i-v-zime\/#breadcrumbitem"}]}]