[{"@context":"https:\/\/schema.org\/","@type":"Article","@id":"https:\/\/www.jolek.cz\/uzijte-si-klidnejsi-a-levnejsi-dovolenou\/#Article","mainEntityOfPage":"https:\/\/www.jolek.cz\/uzijte-si-klidnejsi-a-levnejsi-dovolenou\/","headline":"U\u017eijte si klidn\u011bj\u0161\u00ed a levn\u011bj\u0161\u00ed dovolenou","name":"U\u017eijte si klidn\u011bj\u0161\u00ed a levn\u011bj\u0161\u00ed dovolenou","description":"\u010cesk\u00e1 republika bohu\u017eel nem\u00e1 mo\u0159e. Nen\u00ed tedy p\u0159ekvapiv\u00e9, \u017ee lidi l\u00e1k\u00e1 mo\u0159e a jezd\u00ed na dovolenou k mo\u0159i ka\u017edou chv\u00edli. <a href=\"https:\/\/www.jolek.cz\/uzijte-si-klidnejsi-a-levnejsi-dovolenou\/\" class=\"read-more\">\u010c\u00edst v\u00edce<\/a>","datePublished":"2025-02-26","dateModified":"2023-04-27","author":{"@type":"Person","@id":"https:\/\/www.jolek.cz\/author\/#Person","name":"jolek.cz\n","url":"https:\/\/www.jolek.cz\/author\/","identifier":1,"image":{"@type":"ImageObject","@id":"https:\/\/secure.gravatar.com\/avatar\/91b1fc57487c55a66a7777af0dd690bf69c571b4a9b15cda0db8854a78b7888c?s=96&d=mm&r=g","url":"https:\/\/secure.gravatar.com\/avatar\/91b1fc57487c55a66a7777af0dd690bf69c571b4a9b15cda0db8854a78b7888c?s=96&d=mm&r=g","height":96,"width":96}},"publisher":{"@type":"Organization","name":"jolek.cz","logo":{"@type":"ImageObject","@id":"\/logo.png","url":"\/logo.png","width":600,"height":60}},"image":{"@type":"ImageObject","@id":"https:\/\/www.jolek.cz\/wp-content\/uploads\/img_a303731_w1701_t1514452439.jpg","url":"https:\/\/www.jolek.cz\/wp-content\/uploads\/img_a303731_w1701_t1514452439.jpg","height":0,"width":0},"url":"https:\/\/www.jolek.cz\/uzijte-si-klidnejsi-a-levnejsi-dovolenou\/","about":["Dovolen\u00e1"],"wordCount":420,"articleBody":"\t\u010cesk\u00e1 republika bohu\u017eel nem\u00e1 mo\u0159e. Nen\u00ed tedy p\u0159ekvapiv\u00e9, \u017ee lidi l\u00e1k\u00e1 mo\u0159e a jezd\u00ed na dovolenou k mo\u0159i ka\u017edou chv\u00edli. La\u0161kov\u00e1n\u00ed u vody prost\u011b v\u0161echny bav\u00ed a v neposledn\u00ed \u0159ad\u011b mnoha lidem to je p\u0159\u00edjemn\u00e9 tak\u00e9 po zdravotn\u00ed str\u00e1nce. Neobl\u00edben\u011bj\u0161\u00ed destinac\u00ed, do kter\u00e9 \u010ce\u0161i jezd\u00ed, je pochopiteln\u011b Chorvatsko. Je to pom\u011brn\u011b bl\u00edzko, jsou tam n\u00edzk\u00e9 ceny. Pokud je turista nen\u00e1ro\u010dn\u00fd a cestuje opravdu p\u0159edev\u0161\u00edm za mo\u0159em, je to pro n\u011bj samoz\u0159ejm\u011b dosta\u010duj\u00edc\u00ed.\tJsou lid\u00e9, kte\u0159\u00ed zde cestuj\u00ed opravdu ka\u017ed\u00fd rok. Nen\u00ed to jen cena a relativn\u00ed bl\u00edzkost, je to tak\u00e9 jazykov\u00e1 p\u0159\u00edbuznost. Je skv\u011bl\u00e9, kdy\u017e se na dovolen\u00e9 jsme schopni domluvit a \u010ce\u0161i jsou v tomto ohledu t\u00e9m\u011b\u0159 negramotn\u00ed, a proto jsou r\u00e1di, kdy\u017e i bez znalosti jazyk\u016f jsou schopni komunikovat.\tSrbochorvat\u0161tina je toti\u017e podobn\u011b jako \u010ce\u0161tina slovansk\u00fd jazyk a jsme schopni se s Chorvaty jak\u017e tak\u017e domluvit.\t\u00a0\tOpravdu je nejvy\u0161\u0161\u00ed \u010das na zm\u011bnu\tP\u0159esto nikdy V\u00e1s nenapadlo, \u017ee by to skute\u010dn\u011b cht\u011blo zm\u011bnu. V Chorvatsku je nepochybn\u011b mnoho kr\u00e1sn\u00fdch m\u00edst, ale co t\u0159eba vycestovat n\u011bkam jinam? Nenab\u00e1d\u00e1me V\u00e1s k \u017e\u00e1dn\u00e9 velk\u00e9 zm\u011bn\u011b. Co t\u0159eba u\u017e\u00edt si klidn\u011bj\u0161\u00ed dovolenou v \u010cern\u00e9 Ho\u0159e? Levn\u011bj\u0161\u00ed a zaj\u00edmav\u011bj\u0161\u00ed dovolen\u00e1. Nestoj\u00ed to za zv\u00e1\u017een\u00ed?\t\u010cern\u00e1 hora je mali\u010dkou zem\u00ed o rozloze zhruba olomouck\u00e9ho a jihomoravsk\u00e9ho kraje. Ale je podstatn\u011b klidn\u011bj\u0161\u00ed ne\u017e Chorvatsko a mnoz\u00ed se jist\u011b shodnou v tom, \u017ee i kr\u00e1sn\u011bj\u0161\u00ed.\tJe to zem\u011b, kter\u00e1 a\u010d mal\u00e1 m\u00e1 skute\u010dn\u011b co nab\u00eddnout a nen\u00ed to jen mo\u0159e. Je to zem\u011b vysok\u00fdch hor, jak u\u017e napov\u00edd\u00e1 n\u00e1zev. Je to tak\u00e9 zem\u011b, kter\u00e1 m\u00e1 sv\u00e9 osobit\u00e9 zvyky, na kter\u00e9 si zdej\u0161\u00ed obyvatel\u00e9 velmi potrp\u00ed. V \u010cern\u00e9 ho\u0159e m\u00e1 prioritu pravoslav\u00ed, co\u017e V\u00e1s bude zaj\u00edmat, pokud m\u00e1te r\u00e1di sakr\u00e1ln\u00ed pam\u00e1tky a ty pravoslavn\u00e9 jsou velmi p\u0159ekr\u00e1sn\u00e9 a p\u016fsobiv\u00e9. V \u010cern\u00e9 ho\u0159e jsou lid\u00e9 pon\u011bkud l\u00edn\u00ed, tak\u017ee je jist\u011b nep\u0159edstaviteln\u00e9 pro st\u0159edoevropany, \u017ee by v takov\u00e9 leniv\u00e9 zemi mohli \u017e\u00edt, na stran\u011b druh\u00e9, kdy\u017e jedete na dovolenou, je p\u0159\u00edjemn\u00e9, kdy\u017e vid\u00edte, jak jsou lid\u00e9 zat\u00ed\u017een\u00ed na pohodu a kl\u00eddek. K dovolen\u00e9 to prost\u011b pat\u0159\u00ed.                                                                                                                                                                                                                                                                                                                                                                                        4\/5 - (5 votes)        "},{"@context":"https:\/\/schema.org\/","@type":"BreadcrumbList","itemListElement":[{"@type":"ListItem","position":1,"name":"U\u017eijte si klidn\u011bj\u0161\u00ed a levn\u011bj\u0161\u00ed dovolenou","item":"https:\/\/www.jolek.cz\/uzijte-si-klidnejsi-a-levnejsi-dovolenou\/#breadcrumbitem"}]}]